{"id":46,"date":"2011-03-12T09:30:52","date_gmt":"2011-03-12T08:30:52","guid":{"rendered":"http:\/\/www.nageurs.com\/blog\/radio-piscine\/?p=46"},"modified":"2021-05-02T19:24:44","modified_gmt":"2021-05-02T18:24:44","slug":"piscine-oberkampf","status":"publish","type":"post","link":"https:\/\/www.nageurs.com\/blog\/radio-piscine\/piscine-oberkampf\/","title":{"rendered":"PISCINE OBERKAMPF"},"content":{"rendered":"<p>Petite piscine atypique dans un quartier typique de Paris \u00e0 deux pas du m\u00e9tro M\u00e9nilmontant donc facile d&rsquo; acc\u00e8s. J&rsquo;avais des <em>a priori<\/em> sur cette piscine mais apr\u00e8s lui avoir rendu une premi\u00e8re visite je m&rsquo;aper\u00e7ois qu&rsquo;ils n&rsquo; \u00e9taient pas justifi\u00e9s.<\/p>\n<p>Un bassin qui ne fait que 17m cela peut para\u00eetre surprenant mais finalement on s&rsquo; y habitue tr\u00e8s vite.<\/p>\n<p style=\"text-align: center;\"><a href=\"http:\/\/www.nageurs.com\/blog\/radio-piscine\/files\/2011\/03\/OBERKAMPF-BASSIN-VU-DE-L-ESCALIER-GAUCHE.jpg\"><img loading=\"lazy\" decoding=\"async\" class=\"aligncenter size-large wp-image-64\" title=\"OBERKAMPF BASSIN VU DE L ESCALIER GAUCHE\"toto src=\"https:\/\/www.nageurs.com\/blog\/radio-piscine\/files\/2011\/03\/OBERKAMPF-BASSIN-VU-DE-L-ESCALIER-GAUCHE-1024x768.jpg\" alt=\"\" width=\"1024\" height=\"768\" srcset=\"https:\/\/www.nageurs.com\/blog\/radio-piscine\/files\/2011\/03\/OBERKAMPF-BASSIN-VU-DE-L-ESCALIER-GAUCHE-1024x768.jpg 1024w, https:\/\/www.nageurs.com\/blog\/radio-piscine\/files\/2011\/03\/OBERKAMPF-BASSIN-VU-DE-L-ESCALIER-GAUCHE-300x225.jpg 300w, https:\/\/www.nageurs.com\/blog\/radio-piscine\/files\/2011\/03\/OBERKAMPF-BASSIN-VU-DE-L-ESCALIER-GAUCHE.jpg 2048w\" sizes=\"auto, (max-width: 709px) 85vw, (max-width: 909px) 67vw, (max-width: 1362px) 62vw, 840px\" \/><\/a>C\u00f4t\u00e9 petit bassin de la <a href=\"https:\/\/www.nageurs.com\/piscine-oberkampf\">piscine Oberkampf<\/a>.<\/p>\n<p><a href=\"http:\/\/www.nageurs.com\/blog\/radio-piscine\/files\/2011\/03\/PISC-OBER-DOUCHES.jpg\"><img loading=\"lazy\" decoding=\"async\" class=\"alignright size-medium  wp-image-83\" title=\"PISC OBER DOUCHES\"toto src=\"https:\/\/www.nageurs.com\/blog\/radio-piscine\/files\/2011\/03\/PISC-OBER-DOUCHES-300x225.jpg\" alt=\"\" width=\"300\" height=\"225\" srcset=\"https:\/\/www.nageurs.com\/blog\/radio-piscine\/files\/2011\/03\/PISC-OBER-DOUCHES-300x225.jpg 300w, https:\/\/www.nageurs.com\/blog\/radio-piscine\/files\/2011\/03\/PISC-OBER-DOUCHES-1024x768.jpg 1024w, https:\/\/www.nageurs.com\/blog\/radio-piscine\/files\/2011\/03\/PISC-OBER-DOUCHES.jpg 2048w\" sizes=\"auto, (max-width: 300px) 85vw, 300px\" \/><\/a>L&rsquo; accueil est convivial et d\u00e8s que l&rsquo;on met le pied dans cet endroit, il flotte comme un air de vacances. J&rsquo;ai eu l&rsquo;impression d&rsquo; \u00eatre loin de Paris dans une piscine priv\u00e9e car il y avait peu de monde.<\/p>\n<p>A l&rsquo;entr\u00e9e il faut laisser ses chaussures dans des casiers ouverts au public. La dame de l&rsquo;accueil ayant vu la surprise sur mon visage me rassura en me disant qu&rsquo;il n&rsquo; y avait pas de vols ici. Ouf ! Je me voyais mal repartir sur mon VTT pieds nus.<\/p>\n<p>Puis on monte seul \u00e0 l&rsquo; \u00e9tage, on choisit une cabine ouverte. une fois en tenue de bain on referme la porte en ayant soin de ne pas oublier le num\u00e9ro de la cabine.<\/p>\n<p>Ensuite direction les douches o\u00f9 la temp\u00e9rature est bonne. Quant \u00e0 la pression c&rsquo;est comme dans toutes les autres piscines, pas g\u00e9nial mais bon on s&rsquo; y fait.<\/p>\n<p><a href=\"http:\/\/www.nageurs.com\/blog\/radio-piscine\/files\/2011\/03\/OBERKAMPF-BASSIN-VU-D-UNE-CABINE.jpg\"><img loading=\"lazy\" decoding=\"async\" class=\"alignleft size-medium wp-image-89\" title=\"OBERKAMPF BASSIN VU D UNE CABINE\"toto src=\"https:\/\/www.nageurs.com\/blog\/radio-piscine\/files\/2011\/03\/OBERKAMPF-BASSIN-VU-D-UNE-CABINE-300x225.jpg\" alt=\"\" width=\"300\" height=\"225\" srcset=\"https:\/\/www.nageurs.com\/blog\/radio-piscine\/files\/2011\/03\/OBERKAMPF-BASSIN-VU-D-UNE-CABINE-300x225.jpg 300w, https:\/\/www.nageurs.com\/blog\/radio-piscine\/files\/2011\/03\/OBERKAMPF-BASSIN-VU-D-UNE-CABINE-1024x768.jpg 1024w, https:\/\/www.nageurs.com\/blog\/radio-piscine\/files\/2011\/03\/OBERKAMPF-BASSIN-VU-D-UNE-CABINE.jpg 2048w\" sizes=\"auto, (max-width: 300px) 85vw, 300px\" \/><\/a><\/p>\n<p>L&rsquo;instant le plus agr\u00e9able arrive, nager. Et l\u00e0 quand on voit ce magnifique bassin en \u00ab\u00a0L\u00a0\u00bb qui ne fait que 17m on se dit que \u00e7a va \u00eatre gal\u00e8re les allers et retours.<\/p>\n<p>Et bien pas du tout car comme il y a presque personne on savoure son plaisir. Le plus difficile c&rsquo; est de compter les longueurs. J&rsquo; en ai fait 110 ! Durant le dernier quart d&rsquo;heure je me suis retrouv\u00e9 seul dans la piscine et c&rsquo; est \u00e0 ce moment que j&rsquo;ai pu faire quelques photos que je vais mettre en ligne, du moins je vais essayer car l&rsquo; informatique et moi on n&rsquo; est pas copains. Mais \u00e7a finira peut \u00eatre par s&rsquo; arranger. D&rsquo; ailleurs pour celles et ceux que \u00e7a int\u00e9resse, je pense que pendant ce dernier quart d&rsquo;heure on pourrait m\u00eame faire des photos de nageuses et nageurs.com dans l&rsquo; eau, voire m\u00eame des vid\u00e9os \u00e0 condition qu&rsquo; ils n&rsquo; y ait pas d&rsquo; autres clients dans la prise de vue. Je suis pr\u00eat \u00e0 y retourner avec mon num\u00e9rique.<\/p>\n<p>Voil\u00e0 un petit aper\u00e7u de ce que j&rsquo; ai v\u00e9cu ce lundi de mars 2011 et encore je ne vous raconte pas tout car il m&rsquo; est arriv\u00e9 quelques p\u00e9rip\u00e9ties que je mettrai dans mon commentaire de s\u00e9ance.<\/p>\n","protected":false},"excerpt":{"rendered":"<p>Petite piscine atypique dans un quartier typique de Paris \u00e0 deux pas du m\u00e9tro M\u00e9nilmontant donc facile d&rsquo; acc\u00e8s. J&rsquo;avais des a priori sur cette piscine mais apr\u00e8s lui avoir rendu une premi\u00e8re visite je m&rsquo;aper\u00e7ois qu&rsquo;ils n&rsquo; \u00e9taient pas justifi\u00e9s. Un bassin qui ne fait que 17m cela peut para\u00eetre surprenant mais finalement on &hellip; <a href=\"https:\/\/www.nageurs.com\/blog\/radio-piscine\/piscine-oberkampf\/\" class=\"more-link\">Continuer la lecture<span class=\"screen-reader-text\"> de &laquo;&nbsp;PISCINE OBERKAMPF&nbsp;&raquo;<\/span><\/a><\/p>\n","protected":false},"author":20,"featured_media":0,"comment_status":"open","ping_status":"open","sticky":false,"template":"","format":"standard","meta":{"footnotes":""},"categories":[1],"tags":[11,9],"class_list":["post-46","post","type-post","status-publish","format-standard","hentry","category-non-classe","tag-insolite","tag-piscine"],"_links":{"self":[{"href":"https:\/\/www.nageurs.com\/blog\/radio-piscine\/wp-json\/wp\/v2\/posts\/46","targetHints":{"allow":["GET"]}}],"collection":[{"href":"https:\/\/www.nageurs.com\/blog\/radio-piscine\/wp-json\/wp\/v2\/posts"}],"about":[{"href":"https:\/\/www.nageurs.com\/blog\/radio-piscine\/wp-json\/wp\/v2\/types\/post"}],"author":[{"embeddable":true,"href":"https:\/\/www.nageurs.com\/blog\/radio-piscine\/wp-json\/wp\/v2\/users\/20"}],"replies":[{"embeddable":true,"href":"https:\/\/www.nageurs.com\/blog\/radio-piscine\/wp-json\/wp\/v2\/comments?post=46"}],"version-history":[{"count":14,"href":"https:\/\/www.nageurs.com\/blog\/radio-piscine\/wp-json\/wp\/v2\/posts\/46\/revisions"}],"predecessor-version":[{"id":2457,"href":"https:\/\/www.nageurs.com\/blog\/radio-piscine\/wp-json\/wp\/v2\/posts\/46\/revisions\/2457"}],"wp:attachment":[{"href":"https:\/\/www.nageurs.com\/blog\/radio-piscine\/wp-json\/wp\/v2\/media?parent=46"}],"wp:term":[{"taxonomy":"category","embeddable":true,"href":"https:\/\/www.nageurs.com\/blog\/radio-piscine\/wp-json\/wp\/v2\/categories?post=46"},{"taxonomy":"post_tag","embeddable":true,"href":"https:\/\/www.nageurs.com\/blog\/radio-piscine\/wp-json\/wp\/v2\/tags?post=46"}],"curies":[{"name":"wp","href":"https:\/\/api.w.org\/{rel}","templated":true}]}}