{"id":3340,"date":"2024-11-07T20:30:18","date_gmt":"2024-11-07T19:30:18","guid":{"rendered":"https:\/\/www.nageurs.com\/blog\/radio-piscine\/?p=3340"},"modified":"2024-11-07T20:30:18","modified_gmt":"2024-11-07T19:30:18","slug":"inauguration-du-centre-aquatique-de-camille-muffat-a-aubervilliers-avec-une-initiation-a-la-natation-pour-les-enfants","status":"publish","type":"post","link":"https:\/\/www.nageurs.com\/blog\/radio-piscine\/inauguration-du-centre-aquatique-de-camille-muffat-a-aubervilliers-avec-une-initiation-a-la-natation-pour-les-enfants\/","title":{"rendered":"Inauguration du centre aquatique de Camille Muffat \u00e0 Aubervilliers avec une initiation \u00e0 la natation pour les enfants"},"content":{"rendered":"\n<p>Ce mercredi 6 novembre, la nouvelle piscine Camille Muffat a \u00e9t\u00e9 inaugur\u00e9e \u00e0 Aubervilliers en pr\u00e9sence des parents de Camille, de journalistes, et des albertivillariens. Le bassin est la r\u00e9alisation de la promesse d&rsquo;h\u00e9ritage des Jeux Olympiques de Paris 2024 pour cette commune de Seine-Saint-Denis. Avec cette nouvelle piscine, la ville souhaite dynamiser le quartier et favoriser l&rsquo;apprentissage de la nage aupr\u00e8s des enfants.<\/p>\n\n\n\n<figure class=\"wp-block-image size-large\"><a href=\"https:\/\/www.nageurs.com\/blog\/radio-piscine\/files\/2024\/11\/Inauguration1.jpg\"><img loading=\"lazy\" decoding=\"async\" width=\"1024\" height=\"768\" src=\"https:\/\/www.nageurs.com\/blog\/radio-piscine\/files\/2024\/11\/Inauguration1-1024x768.jpg\" alt=\"\" class=\"wp-image-3344\" srcset=\"https:\/\/www.nageurs.com\/blog\/radio-piscine\/files\/2024\/11\/Inauguration1-1024x768.jpg 1024w, https:\/\/www.nageurs.com\/blog\/radio-piscine\/files\/2024\/11\/Inauguration1-300x225.jpg 300w, https:\/\/www.nageurs.com\/blog\/radio-piscine\/files\/2024\/11\/Inauguration1-768x576.jpg 768w, https:\/\/www.nageurs.com\/blog\/radio-piscine\/files\/2024\/11\/Inauguration1-1536x1152.jpg 1536w, https:\/\/www.nageurs.com\/blog\/radio-piscine\/files\/2024\/11\/Inauguration1-1200x900.jpg 1200w, https:\/\/www.nageurs.com\/blog\/radio-piscine\/files\/2024\/11\/Inauguration1.jpg 1600w\" sizes=\"auto, (max-width: 709px) 85vw, (max-width: 909px) 67vw, (max-width: 1362px) 62vw, 840px\" \/><\/a><figcaption class=\"wp-element-caption\">Inauguration du Centre Aquatique Camille Muffat \u00e0 Aubervilliers en pr\u00e9sence de Tony Estanguet.<\/figcaption><\/figure>\n\n\n\n<p>A cette occasion, 95 enfants ont pu s\u2019initier \u00e0 la natation dans le cadre du programme <em>Nageur et Citoyen<\/em>, aux c\u00f4t\u00e9s des m\u00e9daill\u00e9s olympiques aux JO de Paris 2024  <strong>Maxime Grousset et Yohann Ndoye Brouard,\u00a0<\/strong>ainsi que de\u00a0<strong>Laura et Charlotte Tremble,\u00a0<\/strong>Championnes d\u2019Europe de natation artistique.<\/p>\n\n\n\n<figure class=\"wp-block-image size-large\"><a href=\"https:\/\/www.nageurs.com\/blog\/radio-piscine\/files\/2024\/11\/NageuretCitoyen3.jpg\"><img loading=\"lazy\" decoding=\"async\" width=\"1024\" height=\"768\" src=\"https:\/\/www.nageurs.com\/blog\/radio-piscine\/files\/2024\/11\/NageuretCitoyen3-1024x768.jpg\" alt=\"\" class=\"wp-image-3342\" srcset=\"https:\/\/www.nageurs.com\/blog\/radio-piscine\/files\/2024\/11\/NageuretCitoyen3-1024x768.jpg 1024w, https:\/\/www.nageurs.com\/blog\/radio-piscine\/files\/2024\/11\/NageuretCitoyen3-300x225.jpg 300w, https:\/\/www.nageurs.com\/blog\/radio-piscine\/files\/2024\/11\/NageuretCitoyen3-768x576.jpg 768w, https:\/\/www.nageurs.com\/blog\/radio-piscine\/files\/2024\/11\/NageuretCitoyen3-1536x1152.jpg 1536w, https:\/\/www.nageurs.com\/blog\/radio-piscine\/files\/2024\/11\/NageuretCitoyen3-1200x900.jpg 1200w, https:\/\/www.nageurs.com\/blog\/radio-piscine\/files\/2024\/11\/NageuretCitoyen3.jpg 1600w\" sizes=\"auto, (max-width: 709px) 85vw, (max-width: 909px) 67vw, (max-width: 1362px) 62vw, 840px\" \/><\/a><\/figure>\n\n\n\n<p><\/p>\n\n\n\n<p>Parrain\u00e9 par la Caisse d\u2019Epargne Ile-de-France, le dispositif <em>Nageur et Citoyen<\/em> a d\u00e9j\u00e0 permis \u00e0 plus de 1000 enfants d\u2019apprendre \u00e0 nager depuis 2019, gr\u00e2ce \u00e0 l\u2019implication de champions des bassins.<\/p>\n\n\n\n<p>Ce programme a \u00e9t\u00e9 d\u00e9ploy\u00e9 lors de la\u00a0<strong>c\u00e9r\u00e9monie d\u2019inauguration du nouveau <a href=\"https:\/\/www.nageurs.com\/piscine-camille-muffat-aubervilliers\">Centre Aquatique Camille Muffat \u00e0 Aubervilliers<\/a><\/strong>, enceinte de 8200m2 avec un bassin olympique de 50x25m. Une belle initiative qui rend hommage \u00e0 la Championne Olympique du 400m nage libre \u00e0 Londres en 2012, \u00e0 quelques mois du <a href=\"https:\/\/www.nageurs.com\/blog\/radio-piscine\/rip-camille\/\">10e anniversaire de sa disparition<\/a>.\u00a0<\/p>\n\n\n\n<figure class=\"wp-block-image size-large\"><a href=\"https:\/\/www.nageurs.com\/blog\/radio-piscine\/files\/2024\/11\/NageuretCitoyen2-1.jpg\"><img loading=\"lazy\" decoding=\"async\" width=\"1024\" height=\"753\" src=\"https:\/\/www.nageurs.com\/blog\/radio-piscine\/files\/2024\/11\/NageuretCitoyen2-1-1024x753.jpg\" alt=\"\" class=\"wp-image-3345\" srcset=\"https:\/\/www.nageurs.com\/blog\/radio-piscine\/files\/2024\/11\/NageuretCitoyen2-1-1024x753.jpg 1024w, https:\/\/www.nageurs.com\/blog\/radio-piscine\/files\/2024\/11\/NageuretCitoyen2-1-300x221.jpg 300w, https:\/\/www.nageurs.com\/blog\/radio-piscine\/files\/2024\/11\/NageuretCitoyen2-1-768x564.jpg 768w, https:\/\/www.nageurs.com\/blog\/radio-piscine\/files\/2024\/11\/NageuretCitoyen2-1.jpg 1200w\" sizes=\"auto, (max-width: 709px) 85vw, (max-width: 909px) 67vw, (max-width: 1362px) 62vw, 840px\" \/><\/a><\/figure>\n\n\n\n<p>D\u2019anciens nageurs de l\u2019Equipe de France tels que\u00a0<strong>Fabien Gilot, Malia Metella, Oph\u00e9lie-Cyrielle \u00c9tienne, Myl\u00e8ne Lazare et S\u00e9bastien Rouault<\/strong>\u00a0ainsi que\u00a0des journalistes sont venus mouiller le maillot en hommage \u00e0 Camille. \u00c0 l\u2019issue de l\u2019\u00e9v\u00e9nement, un ch\u00e8que de 5000 euros a \u00e9t\u00e9 remis par la ville \u00e0 l\u2019association <em>Petits Princes<\/em> qui \u0153uvre pour r\u00e9aliser les r\u00eaves d\u2019enfants et adolescents touch\u00e9s par la maladie.\u00a0<\/p>\n\n\n\n<figure class=\"wp-block-image size-large\"><a href=\"https:\/\/www.nageurs.com\/blog\/radio-piscine\/files\/2024\/11\/NageuretCitoyen4.jpg\"><img loading=\"lazy\" decoding=\"async\" width=\"1024\" height=\"768\" src=\"https:\/\/www.nageurs.com\/blog\/radio-piscine\/files\/2024\/11\/NageuretCitoyen4-1024x768.jpg\" alt=\"\" class=\"wp-image-3343\" srcset=\"https:\/\/www.nageurs.com\/blog\/radio-piscine\/files\/2024\/11\/NageuretCitoyen4-1024x768.jpg 1024w, https:\/\/www.nageurs.com\/blog\/radio-piscine\/files\/2024\/11\/NageuretCitoyen4-300x225.jpg 300w, https:\/\/www.nageurs.com\/blog\/radio-piscine\/files\/2024\/11\/NageuretCitoyen4-768x576.jpg 768w, https:\/\/www.nageurs.com\/blog\/radio-piscine\/files\/2024\/11\/NageuretCitoyen4-1536x1152.jpg 1536w, https:\/\/www.nageurs.com\/blog\/radio-piscine\/files\/2024\/11\/NageuretCitoyen4-1200x900.jpg 1200w, https:\/\/www.nageurs.com\/blog\/radio-piscine\/files\/2024\/11\/NageuretCitoyen4.jpg 1600w\" sizes=\"auto, (max-width: 709px) 85vw, (max-width: 909px) 67vw, (max-width: 1362px) 62vw, 840px\" \/><\/a><\/figure>\n","protected":false},"excerpt":{"rendered":"<p>Ce mercredi 6 novembre, la nouvelle piscine Camille Muffat a \u00e9t\u00e9 inaugur\u00e9e \u00e0 Aubervilliers en pr\u00e9sence des parents de Camille, de journalistes, et des albertivillariens. Le bassin est la r\u00e9alisation de la promesse d&rsquo;h\u00e9ritage des Jeux Olympiques de Paris 2024 pour cette commune de Seine-Saint-Denis. Avec cette nouvelle piscine, la ville souhaite dynamiser le quartier &hellip; <a href=\"https:\/\/www.nageurs.com\/blog\/radio-piscine\/inauguration-du-centre-aquatique-de-camille-muffat-a-aubervilliers-avec-une-initiation-a-la-natation-pour-les-enfants\/\" class=\"more-link\">Continuer la lecture<span class=\"screen-reader-text\"> de &laquo;&nbsp;Inauguration du centre aquatique de Camille Muffat \u00e0 Aubervilliers avec une initiation \u00e0 la natation pour les enfants&nbsp;&raquo;<\/span><\/a><\/p>\n","protected":false},"author":3,"featured_media":3341,"comment_status":"open","ping_status":"open","sticky":false,"template":"","format":"standard","meta":{"footnotes":""},"categories":[1],"tags":[14,9],"class_list":["post-3340","post","type-post","status-publish","format-standard","has-post-thumbnail","hentry","category-non-classe","tag-actualite","tag-piscine"],"_links":{"self":[{"href":"https:\/\/www.nageurs.com\/blog\/radio-piscine\/wp-json\/wp\/v2\/posts\/3340","targetHints":{"allow":["GET"]}}],"collection":[{"href":"https:\/\/www.nageurs.com\/blog\/radio-piscine\/wp-json\/wp\/v2\/posts"}],"about":[{"href":"https:\/\/www.nageurs.com\/blog\/radio-piscine\/wp-json\/wp\/v2\/types\/post"}],"author":[{"embeddable":true,"href":"https:\/\/www.nageurs.com\/blog\/radio-piscine\/wp-json\/wp\/v2\/users\/3"}],"replies":[{"embeddable":true,"href":"https:\/\/www.nageurs.com\/blog\/radio-piscine\/wp-json\/wp\/v2\/comments?post=3340"}],"version-history":[{"count":1,"href":"https:\/\/www.nageurs.com\/blog\/radio-piscine\/wp-json\/wp\/v2\/posts\/3340\/revisions"}],"predecessor-version":[{"id":3346,"href":"https:\/\/www.nageurs.com\/blog\/radio-piscine\/wp-json\/wp\/v2\/posts\/3340\/revisions\/3346"}],"wp:featuredmedia":[{"embeddable":true,"href":"https:\/\/www.nageurs.com\/blog\/radio-piscine\/wp-json\/wp\/v2\/media\/3341"}],"wp:attachment":[{"href":"https:\/\/www.nageurs.com\/blog\/radio-piscine\/wp-json\/wp\/v2\/media?parent=3340"}],"wp:term":[{"taxonomy":"category","embeddable":true,"href":"https:\/\/www.nageurs.com\/blog\/radio-piscine\/wp-json\/wp\/v2\/categories?post=3340"},{"taxonomy":"post_tag","embeddable":true,"href":"https:\/\/www.nageurs.com\/blog\/radio-piscine\/wp-json\/wp\/v2\/tags?post=3340"}],"curies":[{"name":"wp","href":"https:\/\/api.w.org\/{rel}","templated":true}]}}