{"id":912,"date":"2015-08-30T19:55:53","date_gmt":"2015-08-30T17:55:53","guid":{"rendered":"http:\/\/www.nageurs.com\/blog\/natation-eau-libre\/?p=912"},"modified":"2015-09-01T23:05:10","modified_gmt":"2015-09-01T21:05:10","slug":"course-deau-libre-dans-le-bassin-de-la-villette","status":"publish","type":"post","link":"https:\/\/www.nageurs.com\/blog\/natation-eau-libre\/2015\/08\/30\/course-deau-libre-dans-le-bassin-de-la-villette\/","title":{"rendered":"Course d&rsquo;eau libre dans le bassin de la Villette"},"content":{"rendered":"<p class=\"p1\">Vous ne r\u00eavez pas, et cette course se d\u00e9roulera le we prochain, dimanche 6 septembre. On pensais que plus jamais nous n&rsquo;entenderions parler de course d&rsquo;eau libre \u00e0 Paris, <a href=\"http:\/\/www.nageurs.com\/blog\/natation-eau-libre\/2012\/08\/20\/la-traversee-de-paris-a-la-nage-2012-est-annulee\/\" target=\"_blank\">apr\u00e8s une tentative en 2012<\/a>. C&rsquo;\u00e9tait sans compter sur la t\u00e9nacit\u00e9 de Laurent Neuville, ancien nageur de haut niveau finaliste des JO de 1984 et 1988.<\/p>\n<p class=\"p2\">Pour cette resurrection, deux parcours de 1 et 2 km qui consisteront en respectivement 1 et 2 boucles dans le bassin de la Villette. Les d\u00e9parts<span class=\"Apple-converted-space\">\u00a0 <\/span>se feront en deux vagues, les nageurs auront des couleurs de bonnet diff\u00e9rents selon la distance, un chronom\u00e9trage permettra de d\u00e9terminer un classement ainsi qu&rsquo;un podium.<\/p>\n<p class=\"p2\"><img loading=\"lazy\" decoding=\"async\" class=\"aligncenter size-full wp-image-913\"toto src=\"https:\/\/www.nageurs.com\/blog\/natation-eau-libre\/files\/2015\/08\/11892057_877971148954831_2441619836718505753_n.jpg\" alt=\"11892057_877971148954831_2441619836718505753_n\" width=\"851\" height=\"315\" srcset=\"https:\/\/www.nageurs.com\/blog\/natation-eau-libre\/files\/2015\/08\/11892057_877971148954831_2441619836718505753_n.jpg 851w, https:\/\/www.nageurs.com\/blog\/natation-eau-libre\/files\/2015\/08\/11892057_877971148954831_2441619836718505753_n-300x111.jpg 300w\" sizes=\"auto, (max-width: 709px) 85vw, (max-width: 909px) 67vw, (max-width: 1362px) 62vw, 840px\" \/><\/p>\n<p class=\"p1\">De part et d&rsquo;autre du canal, les spectateurs pourront assister au spectacle, et m\u00eame pourquoi pas, suivre les nageurs \u00e0 v\u00e9lo.<\/p>\n<p class=\"p1\">Pour les nageurs ne disposant pas de licence de club de natation (FFN, FFSS, FFTri, FFH, ..) il sera possible le jour de la course d&rsquo;apporter un certificat m\u00e9dical et d&rsquo;obtenir une licence valable pour la journ\u00e9e du 6 septembre (co\u00fbt de la licence : 10\u20ac). A noter qu&rsquo;il faut avoir\u00a018 ans minimum au jour de l&rsquo;\u00e9preuve.<\/p>\n<p class=\"p1\">Il y a un temps limite de 1h pour terminer la course (30 minutes pour l&rsquo;\u00e9preuve de 1km), au cours duquel la circulation sera interdite sur le canal. Des kayaks assureront la s\u00e9curit\u00e9 des nageurs. Le rassemblement aura lieu \u00e0 partir de 8h30, le briefing \u00e0 10h15, le d\u00e9part \u00e0 10h30 et enfin la remise des r\u00e9compenses \u00e0 12h00.<\/p>\n<p class=\"p1\">Les analyses de l&rsquo;eau sont tout \u00e0 fait conforme \u00e0 la baignade, des douches seront mise \u00e0 disposition pour se rincer apr\u00e8s la course. Il sera possible de nager en maillot de bain, en combinaison tissus, et m\u00eame en combinaison n\u00e9opr\u00e8ne (type triathlon).<\/p>\n<p class=\"p1\">Les inscriptions sont ouvertes, et limit\u00e9es \u00e0 250 participants. Rendez-vous sur le site <a href=\"http:\/\/www.sport-up.fr\/site\/calendrier\/detail-25667-PARIS%20A%20LA%20NAGE.htm\" target=\"_blank\">Sport-Up<\/a> pour vous inscrire.<\/p>\n","protected":false},"excerpt":{"rendered":"<p>Vous ne r\u00eavez pas, et cette course se d\u00e9roulera le we prochain, dimanche 6 septembre. On pensais que plus jamais nous n&rsquo;entenderions parler de course d&rsquo;eau libre \u00e0 Paris, apr\u00e8s une tentative en 2012. C&rsquo;\u00e9tait sans compter sur la t\u00e9nacit\u00e9 de Laurent Neuville, ancien nageur de haut niveau finaliste des JO de 1984 et 1988. &hellip; <a href=\"https:\/\/www.nageurs.com\/blog\/natation-eau-libre\/2015\/08\/30\/course-deau-libre-dans-le-bassin-de-la-villette\/\" class=\"more-link\">Continuer la lecture<span class=\"screen-reader-text\"> de &laquo;&nbsp;Course d&rsquo;eau libre dans le bassin de la Villette&nbsp;&raquo;<\/span><\/a><\/p>\n","protected":false},"author":3,"featured_media":0,"comment_status":"open","ping_status":"open","sticky":false,"template":"","format":"standard","meta":{"footnotes":""},"categories":[1],"tags":[35,31,32,30],"class_list":["post-912","post","type-post","status-publish","format-standard","hentry","category-non-classe","tag-actualite","tag-evenement","tag-insolite","tag-paris"],"_links":{"self":[{"href":"https:\/\/www.nageurs.com\/blog\/natation-eau-libre\/wp-json\/wp\/v2\/posts\/912","targetHints":{"allow":["GET"]}}],"collection":[{"href":"https:\/\/www.nageurs.com\/blog\/natation-eau-libre\/wp-json\/wp\/v2\/posts"}],"about":[{"href":"https:\/\/www.nageurs.com\/blog\/natation-eau-libre\/wp-json\/wp\/v2\/types\/post"}],"author":[{"embeddable":true,"href":"https:\/\/www.nageurs.com\/blog\/natation-eau-libre\/wp-json\/wp\/v2\/users\/3"}],"replies":[{"embeddable":true,"href":"https:\/\/www.nageurs.com\/blog\/natation-eau-libre\/wp-json\/wp\/v2\/comments?post=912"}],"version-history":[{"count":3,"href":"https:\/\/www.nageurs.com\/blog\/natation-eau-libre\/wp-json\/wp\/v2\/posts\/912\/revisions"}],"predecessor-version":[{"id":917,"href":"https:\/\/www.nageurs.com\/blog\/natation-eau-libre\/wp-json\/wp\/v2\/posts\/912\/revisions\/917"}],"wp:attachment":[{"href":"https:\/\/www.nageurs.com\/blog\/natation-eau-libre\/wp-json\/wp\/v2\/media?parent=912"}],"wp:term":[{"taxonomy":"category","embeddable":true,"href":"https:\/\/www.nageurs.com\/blog\/natation-eau-libre\/wp-json\/wp\/v2\/categories?post=912"},{"taxonomy":"post_tag","embeddable":true,"href":"https:\/\/www.nageurs.com\/blog\/natation-eau-libre\/wp-json\/wp\/v2\/tags?post=912"}],"curies":[{"name":"wp","href":"https:\/\/api.w.org\/{rel}","templated":true}]}}