{"id":320,"date":"2013-02-15T10:33:55","date_gmt":"2013-02-15T08:33:55","guid":{"rendered":"http:\/\/www.nageurs.com\/blog\/letoiledemartin\/2013\/02\/15\/15-fevrier-journee-mondiale-contre-le-cancer-pediatrique\/"},"modified":"2013-02-15T10:33:55","modified_gmt":"2013-02-15T08:33:55","slug":"15-fevrier-journee-mondiale-contre-le-cancer-pediatrique","status":"publish","type":"post","link":"https:\/\/www.nageurs.com\/blog\/letoiledemartin\/2013\/02\/15\/15-fevrier-journee-mondiale-contre-le-cancer-pediatrique\/","title":{"rendered":"15 f\u00e9vrier : journ\u00e9e mondiale contre le cancer p\u00e9diatrique"},"content":{"rendered":"<p>Aujourd&rsquo;hui nous sommes le 15 f\u00e9vrier 2013, journ\u00e9e mondiale contre le cancer p\u00e9diatrique. Rappelons que cette maladie touche statitiquement 1 enfant sur 400 avant l&rsquo;\u00e2ge de 15 ans.<br \/>\nAvec l&rsquo;association l&rsquo;Etoile de Martin nous cherchons a sensibiliser le public au travers une journ\u00e9e d&rsquo;action dimanche prochain \u00e0 la <a href=\"http:\/\/www.nageurs.com\/piscine-levallois\">piscine de Levallois<\/a>.<br \/>\nIl s&rsquo;agit de nager en relais toute la journ\u00e9e, au heures d&rsquo;ouverture de la piscine, de 9h \u00e0 18h, sans interruption.<br \/>\nVenez nombreux nous rejoidre, et ensemble faisons exploser le compteur de longueurs, et aussi de dons !<br \/>\nGrace \u00e0 votre g\u00e9n\u00e9rosit\u00e9 nous avons d\u00e9j\u00e0 r\u00e9ussi \u00e0 collecter 10,000 euros ! <a href=\"http:\/\/filrougedenatation-2013.alvarum.net\/\">Il vous reste jusqu&rsquo;\u00e0 dimanche pour faire un don en ligne<\/a>. Sachez que vous recevrez un re\u00e7u fiscal vous permettant de d\u00e9clarer ce don et de le d\u00e9duire de vos prochains imp\u00f4ts \u00e0 hauteur de 66%.<br \/>\nEn esp\u00e9rant vous rencontrer nombreuses et nombreux dimanche prochain !<\/p>\n","protected":false},"excerpt":{"rendered":"<p>Aujourd&rsquo;hui nous sommes le 15 f\u00e9vrier 2013, journ\u00e9e mondiale contre le cancer p\u00e9diatrique. Rappelons que cette maladie touche statitiquement 1 enfant sur 400 avant l&rsquo;\u00e2ge de 15 ans. Avec l&rsquo;association l&rsquo;Etoile de Martin nous cherchons a sensibiliser le public au travers une journ\u00e9e d&rsquo;action dimanche prochain \u00e0 la piscine de Levallois. Il s&rsquo;agit de nager &hellip; <a href=\"https:\/\/www.nageurs.com\/blog\/letoiledemartin\/2013\/02\/15\/15-fevrier-journee-mondiale-contre-le-cancer-pediatrique\/\" class=\"more-link\">Continuer la lecture<span class=\"screen-reader-text\"> de &laquo;&nbsp;15 f\u00e9vrier : journ\u00e9e mondiale contre le cancer p\u00e9diatrique&nbsp;&raquo;<\/span><\/a><\/p>\n","protected":false},"author":3,"featured_media":0,"comment_status":"open","ping_status":"open","sticky":false,"template":"","format":"standard","meta":{"footnotes":""},"categories":[1],"tags":[],"class_list":["post-320","post","type-post","status-publish","format-standard","hentry","category-non-classe"],"_links":{"self":[{"href":"https:\/\/www.nageurs.com\/blog\/letoiledemartin\/wp-json\/wp\/v2\/posts\/320","targetHints":{"allow":["GET"]}}],"collection":[{"href":"https:\/\/www.nageurs.com\/blog\/letoiledemartin\/wp-json\/wp\/v2\/posts"}],"about":[{"href":"https:\/\/www.nageurs.com\/blog\/letoiledemartin\/wp-json\/wp\/v2\/types\/post"}],"author":[{"embeddable":true,"href":"https:\/\/www.nageurs.com\/blog\/letoiledemartin\/wp-json\/wp\/v2\/users\/3"}],"replies":[{"embeddable":true,"href":"https:\/\/www.nageurs.com\/blog\/letoiledemartin\/wp-json\/wp\/v2\/comments?post=320"}],"version-history":[{"count":0,"href":"https:\/\/www.nageurs.com\/blog\/letoiledemartin\/wp-json\/wp\/v2\/posts\/320\/revisions"}],"wp:attachment":[{"href":"https:\/\/www.nageurs.com\/blog\/letoiledemartin\/wp-json\/wp\/v2\/media?parent=320"}],"wp:term":[{"taxonomy":"category","embeddable":true,"href":"https:\/\/www.nageurs.com\/blog\/letoiledemartin\/wp-json\/wp\/v2\/categories?post=320"},{"taxonomy":"post_tag","embeddable":true,"href":"https:\/\/www.nageurs.com\/blog\/letoiledemartin\/wp-json\/wp\/v2\/tags?post=320"}],"curies":[{"name":"wp","href":"https:\/\/api.w.org\/{rel}","templated":true}]}}